{"id":60947,"date":"2021-08-23T15:13:07","date_gmt":"2021-08-23T15:13:07","guid":{"rendered":"http:\/\/rafacastaner.com\/?p=60947"},"modified":"2026-02-05T15:18:35","modified_gmt":"2026-02-05T14:18:35","slug":"adim-activate-dibujando-musica","status":"publish","type":"post","link":"https:\/\/www.rafacastaner.com\/ca\/adim-activate-dibujando-musica\/","title":{"rendered":"Talleres de activaci\u00f3n personal \/ ADIM \u2013 Act\u00edvate Dibujando M\u00fasica"},"content":{"rendered":"<p><img loading=\"lazy\" decoding=\"async\" class=\"size-full wp-image-63408 aligncenter\" src=\"https:\/\/www.rafacastaner.com\/wp-content\/uploads\/rafa-castaner-blog-talleres-activacion-personal-12.webp\" alt=\"Rafa Castaner Blog Talleres Activacion Personal 12\" width=\"300\" height=\"200\" srcset=\"https:\/\/www.rafacastaner.com\/wp-content\/uploads\/rafa-castaner-blog-talleres-activacion-personal-12.webp 300w, https:\/\/www.rafacastaner.com\/wp-content\/uploads\/rafa-castaner-blog-talleres-activacion-personal-12-150x100.webp 150w\" sizes=\"(max-width: 300px) 100vw, 300px\" \/><\/p>\n<p><img loading=\"lazy\" decoding=\"async\" class=\"size-full wp-image-63407 aligncenter\" src=\"https:\/\/www.rafacastaner.com\/wp-content\/uploads\/rafa-castaner-blog-talleres-activacion-personal-11.webp\" alt=\"Rafa Castaner Blog Talleres Activacion Personal 11\" width=\"300\" height=\"200\" srcset=\"https:\/\/www.rafacastaner.com\/wp-content\/uploads\/rafa-castaner-blog-talleres-activacion-personal-11.webp 300w, https:\/\/www.rafacastaner.com\/wp-content\/uploads\/rafa-castaner-blog-talleres-activacion-personal-11-150x100.webp 150w\" sizes=\"(max-width: 300px) 100vw, 300px\" \/><\/p>\n<p><img loading=\"lazy\" decoding=\"async\" class=\"size-full wp-image-63399 aligncenter\" src=\"https:\/\/www.rafacastaner.com\/wp-content\/uploads\/rafa-castaner-blog-talleres-activacion-personal-3.webp\" alt=\"Rafa Castaner Blog Talleres Activacion Personal 3\" width=\"300\" height=\"200\" srcset=\"https:\/\/www.rafacastaner.com\/wp-content\/uploads\/rafa-castaner-blog-talleres-activacion-personal-3.webp 300w, https:\/\/www.rafacastaner.com\/wp-content\/uploads\/rafa-castaner-blog-talleres-activacion-personal-3-150x100.webp 150w\" sizes=\"(max-width: 300px) 100vw, 300px\" \/><\/p>\n<p><img loading=\"lazy\" decoding=\"async\" class=\"size-full wp-image-63398 aligncenter\" src=\"https:\/\/www.rafacastaner.com\/wp-content\/uploads\/rafa-castaner-blog-talleres-activacion-personal-2.webp\" alt=\"Rafa Castaner Blog Talleres Activacion Personal 2\" width=\"300\" height=\"200\" srcset=\"https:\/\/www.rafacastaner.com\/wp-content\/uploads\/rafa-castaner-blog-talleres-activacion-personal-2.webp 300w, https:\/\/www.rafacastaner.com\/wp-content\/uploads\/rafa-castaner-blog-talleres-activacion-personal-2-150x100.webp 150w\" sizes=\"(max-width: 300px) 100vw, 300px\" \/><\/p>\n<p>Las herramientas de las artes y el eje comunicacional que todas tienen son un beneficio en s\u00ed mismo para cualquier persona, sin necesidad de seguir una formaci\u00f3n art\u00edstica profesional.<\/p>\n<p>La voluntad de expresi\u00f3n permite autoconocimiento y conocimiento sensible del medio en el que la persona se encuentra, del grupo y del contexto, y esto se observa asociado a una alegr\u00eda y un placer, un veh\u00edculo emocional valioso que nos pertenece a todas las personas.<\/p>\n<p>Mi trabajo, en este \u00e1mbito, tiene como objetivo:<\/p>\n<ul>\n<li>Sesiones de contacto art\u00edstico en grupo a partir de la construcci\u00f3n de una obra conjunta, ofreciendo la utilizaci\u00f3n de diferentes t\u00e9cnicas art\u00edsticas.<\/li>\n<li>Dar comprensi\u00f3n y valor a la expresi\u00f3n art\u00edstica dise\u00f1ada y creada por la persona.<\/li>\n<\/ul>\n<p>ADIM es:<\/p>\n<p>Una activaci\u00f3n y contacto desde la m\u00fasica y las artes pl\u00e1sticas que busca una conexi\u00f3n emocional desde el sonido hacia las im\u00e1genes creadas por el grupo.<\/p>\n<p><a href=\"https:\/\/youtube.com\/shorts\/Pxb1PD-KRCQ\">https:\/\/youtube.com\/shorts\/Pxb1PD-KRCQ<\/a><\/p>\n<p>Dentro de esta idea tan amplia de dibujar o dar cuerpo visual al sonido, hemos recorrido del cine a la animaci\u00f3n, siempre o casi siempre dentro de la idea de la obra colectiva. Aqu\u00ed ten\u00e9is un maullido dibujado y un paseo por las instalaciones del centro, buscando sonidos atractivos o interesantes para cada uno.<\/p>\n<p><video controls=\"controls\" width=\"1500\" height=\"2000\"><source src=\"https:\/\/www.rafacastaner.com\/wp-content\/uploads\/2021\/08\/miaaaaaaaaaaaaaaaaaaaaaauuu.mp4\" type=\"video\/mp4\" \/><\/video><\/p>\n<p>En ning\u00fan momento perdemos de vista el resultado final, la pieza, individual o colectiva. En el proceso est\u00e1 todo implicado si no se pierde de vista que estamos articulando un mensaje a trav\u00e9s de la t\u00e9cnica, un mensaje que comprendemos a medida que construimos.<\/p>\n<p>Durante unos cuantos meses he realizado este trabajo con el mismo grupo, primero online y despu\u00e9s f\u00edsicamente en las aulas de la escuela CEP en el centro Barber\u00e0 Promoci\u00f3.<\/p>\n<p>Esta pintura de tres por dos metros, realizada con t\u00e9cnicas mixtas durante tres sesiones, es un buen ejemplo de nuestros objetivos como grupo. Yo propongo, animo, empujo, doy valor, comparo nuestros resultados espont\u00e1neos con artistas de la historia del arte, pero finalmente cerramos un pu\u00f1ado de energ\u00eda y la dejamos ir juntos en la tela.<\/p>\n<p><img loading=\"lazy\" decoding=\"async\" class=\"size-full wp-image-63405 aligncenter\" src=\"https:\/\/www.rafacastaner.com\/wp-content\/uploads\/rafa-castaner-blog-talleres-activacion-personal-9.webp\" alt=\"Rafa Castaner Blog Talleres Activacion Personal 9\" width=\"300\" height=\"213\" srcset=\"https:\/\/www.rafacastaner.com\/wp-content\/uploads\/rafa-castaner-blog-talleres-activacion-personal-9.webp 300w, https:\/\/www.rafacastaner.com\/wp-content\/uploads\/rafa-castaner-blog-talleres-activacion-personal-9-150x107.webp 150w\" sizes=\"(max-width: 300px) 100vw, 300px\" \/><\/p>\n<p>Parte del trabajo se hizo a partir de una selecci\u00f3n musical que cada uno eligi\u00f3 para focalizar las emociones que quer\u00eda destacar en su participaci\u00f3n, y se realiz\u00f3 con los ojos vendados.<\/p>\n<p>Imposible equivocarse o acertar, solo era posible avanzar por el espacio de la tela y luego ver y ser espectador de uno mismo o una misma, sorprenderse, aceptar y dejar el turno al pr\u00f3ximo valiente:<\/p>\n<p><img loading=\"lazy\" decoding=\"async\" class=\"size-full wp-image-63404 aligncenter\" src=\"https:\/\/www.rafacastaner.com\/wp-content\/uploads\/rafa-castaner-blog-talleres-activacion-personal-8.webp\" alt=\"Rafa Castaner Blog Talleres Activacion Personal 8\" width=\"300\" height=\"225\" srcset=\"https:\/\/www.rafacastaner.com\/wp-content\/uploads\/rafa-castaner-blog-talleres-activacion-personal-8.webp 300w, https:\/\/www.rafacastaner.com\/wp-content\/uploads\/rafa-castaner-blog-talleres-activacion-personal-8-150x113.webp 150w\" sizes=\"(max-width: 300px) 100vw, 300px\" \/><\/p>\n<p><img loading=\"lazy\" decoding=\"async\" class=\"size-full wp-image-63403 aligncenter\" src=\"https:\/\/www.rafacastaner.com\/wp-content\/uploads\/rafa-castaner-blog-talleres-activacion-personal-7.webp\" alt=\"Rafa Castaner Blog Talleres Activacion Personal 7\" width=\"225\" height=\"300\" srcset=\"https:\/\/www.rafacastaner.com\/wp-content\/uploads\/rafa-castaner-blog-talleres-activacion-personal-7.webp 225w, https:\/\/www.rafacastaner.com\/wp-content\/uploads\/rafa-castaner-blog-talleres-activacion-personal-7-113x150.webp 113w\" sizes=\"(max-width: 225px) 100vw, 225px\" \/><\/p>\n<p><img loading=\"lazy\" decoding=\"async\" class=\"size-full wp-image-63402 aligncenter\" src=\"https:\/\/www.rafacastaner.com\/wp-content\/uploads\/rafa-castaner-blog-talleres-activacion-personal-6.webp\" alt=\"Rafa Castaner Blog Talleres Activacion Personal 6\" width=\"300\" height=\"225\" srcset=\"https:\/\/www.rafacastaner.com\/wp-content\/uploads\/rafa-castaner-blog-talleres-activacion-personal-6.webp 300w, https:\/\/www.rafacastaner.com\/wp-content\/uploads\/rafa-castaner-blog-talleres-activacion-personal-6-150x113.webp 150w\" sizes=\"(max-width: 300px) 100vw, 300px\" \/><\/p>\n<p><img loading=\"lazy\" decoding=\"async\" class=\"size-full wp-image-63401 aligncenter\" src=\"https:\/\/www.rafacastaner.com\/wp-content\/uploads\/rafa-castaner-blog-talleres-activacion-personal-5.webp\" alt=\"Rafa Castaner Blog Talleres Activacion Personal 5\" width=\"225\" height=\"300\" srcset=\"https:\/\/www.rafacastaner.com\/wp-content\/uploads\/rafa-castaner-blog-talleres-activacion-personal-5.webp 225w, https:\/\/www.rafacastaner.com\/wp-content\/uploads\/rafa-castaner-blog-talleres-activacion-personal-5-113x150.webp 113w\" sizes=\"(max-width: 225px) 100vw, 225px\" \/><\/p>\n<p><video controls=\"controls\" width=\"1920\" height=\"1080\"><source src=\"https:\/\/www.rafacastaner.com\/wp-content\/uploads\/2021\/08\/20210608_115653.mp4\" type=\"video\/mp4\" \/><\/video><\/p>\n<p><img loading=\"lazy\" decoding=\"async\" class=\"size-full wp-image-63406 aligncenter\" src=\"https:\/\/www.rafacastaner.com\/wp-content\/uploads\/rafa-castaner-blog-talleres-activacion-personal-10.webp\" alt=\"Rafa Castaner Blog Talleres Activacion Personal 10\" width=\"300\" height=\"225\" srcset=\"https:\/\/www.rafacastaner.com\/wp-content\/uploads\/rafa-castaner-blog-talleres-activacion-personal-10.webp 300w, https:\/\/www.rafacastaner.com\/wp-content\/uploads\/rafa-castaner-blog-talleres-activacion-personal-10-150x113.webp 150w\" sizes=\"(max-width: 300px) 100vw, 300px\" \/><\/p>\n<p>Estoy muy orgulloso de esta pieza, que hemos firmado todas y todos. Me parece una pared abrasada de emociones vividas real y simb\u00f3licamente, emociones que se mezclan y superponen hasta dar con un cuerpo y un c\u00f3digo que ya no es la frase o el dibujo individual.<\/p>\n<p>De la rabia a la alegr\u00eda, de la ternura al desprecio, del amor al vac\u00edo. Todo est\u00e1 ah\u00ed, lleno de capas de sonido visual que se superponen hasta convertirse en algo diferente, en otro lugar propio.<\/p>\n<p>Ver el reconocimiento de este trabajo y de estos talleres en la prensa, en redes sociales, revistas, web o radio, como se nos empuja, desde luego.<\/p>\n<p><a href=\"https:\/\/www.barberapromocio.cat\/es\/noticia\/el-alcalde-de-barbera-del-valles-xavier-garces-visita-al-alumnado-del-taller-adim-en-barbera\"><br \/>\nEl alcalde de Barber\u00e0 del Vall\u00e8s, Xavier Garc\u00e9s, visita al alumnado del taller ADIM en Barber\u00e0 Promoci\u00f3<br \/>\n<\/a><\/p>\n<p><img loading=\"lazy\" decoding=\"async\" class=\"size-full wp-image-63397\" src=\"https:\/\/www.rafacastaner.com\/wp-content\/uploads\/rafa-castaner-blog-talleres-activacion-personal-1.webp\" alt=\"Rafa Castaner Blog Talleres Activacion Personal 1\" width=\"300\" height=\"283\" srcset=\"https:\/\/www.rafacastaner.com\/wp-content\/uploads\/rafa-castaner-blog-talleres-activacion-personal-1.webp 300w, https:\/\/www.rafacastaner.com\/wp-content\/uploads\/rafa-castaner-blog-talleres-activacion-personal-1-150x142.webp 150w\" sizes=\"(max-width: 300px) 100vw, 300px\" \/><\/p>\n<p><video controls=\"controls\" width=\"1440\" height=\"900\"><source src=\"https:\/\/www.rafacastaner.com\/wp-content\/uploads\/2021\/08\/video-en-el-Jardin.mp4\" type=\"video\/mp4\" \/><\/video><\/p>\n","protected":false},"excerpt":{"rendered":"<p>Las herramientas de las artes y el eje comunicacional que todas tienen son un beneficio en s\u00ed mismo para cualquier persona, sin necesidad de seguir una formaci\u00f3n art\u00edstica profesional. La voluntad de expresi\u00f3n permite autoconocimiento y conocimiento sensible del medio en el que la persona se encuentra, del grupo y del contexto, y esto se [&hellip;]<\/p>\n","protected":false},"author":1,"featured_media":62751,"comment_status":"closed","ping_status":"closed","sticky":false,"template":"","format":"standard","meta":{"_acf_changed":false,"_et_pb_use_builder":"","_et_pb_old_content":"","_et_gb_content_width":"","inline_featured_image":false,"footnotes":""},"categories":[43],"tags":[],"class_list":["post-60947","post","type-post","status-publish","format-standard","has-post-thumbnail","hentry","category-sin-categoria"],"acf":[],"yoast_head":"<!-- This site is optimized with the Yoast SEO plugin v27.0 - https:\/\/yoast.com\/product\/yoast-seo-wordpress\/ -->\n<title>Talleres de activaci\u00f3n personal \/ ADIM \u2013 Act\u00edvate Dibujando M\u00fasica - Rafa Casta\u00f1er<\/title>\n<meta name=\"robots\" content=\"index, follow, max-snippet:-1, max-image-preview:large, max-video-preview:-1\" \/>\n<link rel=\"canonical\" href=\"https:\/\/www.rafacastaner.com\/ca\/adim-activate-dibujando-musica\/\" \/>\n<meta property=\"og:locale\" content=\"ca_ES\" \/>\n<meta property=\"og:type\" content=\"article\" \/>\n<meta property=\"og:title\" content=\"Talleres de activaci\u00f3n personal \/ ADIM \u2013 Act\u00edvate Dibujando M\u00fasica - Rafa Casta\u00f1er\" \/>\n<meta property=\"og:description\" content=\"Las herramientas de las artes y el eje comunicacional que todas tienen son un beneficio en s\u00ed mismo para cualquier persona, sin necesidad de seguir una formaci\u00f3n art\u00edstica profesional. La voluntad de expresi\u00f3n permite autoconocimiento y conocimiento sensible del medio en el que la persona se encuentra, del grupo y del contexto, y esto se [&hellip;]\" \/>\n<meta property=\"og:url\" content=\"https:\/\/www.rafacastaner.com\/ca\/adim-activate-dibujando-musica\/\" \/>\n<meta property=\"og:site_name\" content=\"Rafa Casta\u00f1er\" \/>\n<meta property=\"article:published_time\" content=\"2021-08-23T15:13:07+00:00\" \/>\n<meta property=\"article:modified_time\" content=\"2026-02-05T14:18:35+00:00\" \/>\n<meta property=\"og:image\" content=\"https:\/\/www.rafacastaner.com\/wp-content\/uploads\/rafa-castaner-blog-talleres-activacion-personal.webp\" \/>\n\t<meta property=\"og:image:width\" content=\"334\" \/>\n\t<meta property=\"og:image:height\" content=\"458\" \/>\n\t<meta property=\"og:image:type\" content=\"image\/webp\" \/>\n<meta name=\"author\" content=\"welovewebs\" \/>\n<meta name=\"twitter:card\" content=\"summary_large_image\" \/>\n<meta name=\"twitter:label1\" content=\"Escrit per\" \/>\n\t<meta name=\"twitter:data1\" content=\"welovewebs\" \/>\n\t<meta name=\"twitter:label2\" content=\"Temps estimat de lectura\" \/>\n\t<meta name=\"twitter:data2\" content=\"5 minuts\" \/>\n<script type=\"application\/ld+json\" class=\"yoast-schema-graph\">{\"@context\":\"https:\/\/schema.org\",\"@graph\":[{\"@type\":\"Article\",\"@id\":\"https:\/\/www.rafacastaner.com\/ca\/adim-activate-dibujando-musica\/#article\",\"isPartOf\":{\"@id\":\"https:\/\/www.rafacastaner.com\/ca\/adim-activate-dibujando-musica\/\"},\"author\":{\"name\":\"welovewebs\",\"@id\":\"https:\/\/www.rafacastaner.com\/ca\/#\/schema\/person\/65e2c0b9d99ffe103db3ebde45eeee39\"},\"headline\":\"Talleres de activaci\u00f3n personal \/ ADIM \u2013 Act\u00edvate Dibujando M\u00fasica\",\"datePublished\":\"2021-08-23T15:13:07+00:00\",\"dateModified\":\"2026-02-05T14:18:35+00:00\",\"mainEntityOfPage\":{\"@id\":\"https:\/\/www.rafacastaner.com\/ca\/adim-activate-dibujando-musica\/\"},\"wordCount\":578,\"image\":{\"@id\":\"https:\/\/www.rafacastaner.com\/ca\/adim-activate-dibujando-musica\/#primaryimage\"},\"thumbnailUrl\":\"https:\/\/www.rafacastaner.com\/wp-content\/uploads\/rafa-castaner-blog-talleres-activacion-personal.webp\",\"articleSection\":[\"Sin categor\u00eda\"],\"inLanguage\":\"ca\"},{\"@type\":\"WebPage\",\"@id\":\"https:\/\/www.rafacastaner.com\/ca\/adim-activate-dibujando-musica\/\",\"url\":\"https:\/\/www.rafacastaner.com\/ca\/adim-activate-dibujando-musica\/\",\"name\":\"Talleres de activaci\u00f3n personal \/ ADIM \u2013 Act\u00edvate Dibujando M\u00fasica - Rafa Casta\u00f1er\",\"isPartOf\":{\"@id\":\"https:\/\/www.rafacastaner.com\/ca\/#website\"},\"primaryImageOfPage\":{\"@id\":\"https:\/\/www.rafacastaner.com\/ca\/adim-activate-dibujando-musica\/#primaryimage\"},\"image\":{\"@id\":\"https:\/\/www.rafacastaner.com\/ca\/adim-activate-dibujando-musica\/#primaryimage\"},\"thumbnailUrl\":\"https:\/\/www.rafacastaner.com\/wp-content\/uploads\/rafa-castaner-blog-talleres-activacion-personal.webp\",\"datePublished\":\"2021-08-23T15:13:07+00:00\",\"dateModified\":\"2026-02-05T14:18:35+00:00\",\"author\":{\"@id\":\"https:\/\/www.rafacastaner.com\/ca\/#\/schema\/person\/65e2c0b9d99ffe103db3ebde45eeee39\"},\"breadcrumb\":{\"@id\":\"https:\/\/www.rafacastaner.com\/ca\/adim-activate-dibujando-musica\/#breadcrumb\"},\"inLanguage\":\"ca\",\"potentialAction\":[{\"@type\":\"ReadAction\",\"target\":[\"https:\/\/www.rafacastaner.com\/ca\/adim-activate-dibujando-musica\/\"]}]},{\"@type\":\"ImageObject\",\"inLanguage\":\"ca\",\"@id\":\"https:\/\/www.rafacastaner.com\/ca\/adim-activate-dibujando-musica\/#primaryimage\",\"url\":\"https:\/\/www.rafacastaner.com\/wp-content\/uploads\/rafa-castaner-blog-talleres-activacion-personal.webp\",\"contentUrl\":\"https:\/\/www.rafacastaner.com\/wp-content\/uploads\/rafa-castaner-blog-talleres-activacion-personal.webp\",\"width\":334,\"height\":458,\"caption\":\"Rafa Castaner Blog Talleres Activacion Personal\"},{\"@type\":\"BreadcrumbList\",\"@id\":\"https:\/\/www.rafacastaner.com\/ca\/adim-activate-dibujando-musica\/#breadcrumb\",\"itemListElement\":[{\"@type\":\"ListItem\",\"position\":1,\"name\":\"Portada\",\"item\":\"https:\/\/www.rafacastaner.com\/ca\/\"},{\"@type\":\"ListItem\",\"position\":2,\"name\":\"Talleres de activaci\u00f3n personal \/ ADIM \u2013 Act\u00edvate Dibujando M\u00fasica\"}]},{\"@type\":\"WebSite\",\"@id\":\"https:\/\/www.rafacastaner.com\/ca\/#website\",\"url\":\"https:\/\/www.rafacastaner.com\/ca\/\",\"name\":\"Rafa Casta\u00f1er\",\"description\":\"\",\"potentialAction\":[{\"@type\":\"SearchAction\",\"target\":{\"@type\":\"EntryPoint\",\"urlTemplate\":\"https:\/\/www.rafacastaner.com\/ca\/?s={search_term_string}\"},\"query-input\":{\"@type\":\"PropertyValueSpecification\",\"valueRequired\":true,\"valueName\":\"search_term_string\"}}],\"inLanguage\":\"ca\"},{\"@type\":\"Person\",\"@id\":\"https:\/\/www.rafacastaner.com\/ca\/#\/schema\/person\/65e2c0b9d99ffe103db3ebde45eeee39\",\"name\":\"welovewebs\",\"image\":{\"@type\":\"ImageObject\",\"inLanguage\":\"ca\",\"@id\":\"https:\/\/www.rafacastaner.com\/ca\/#\/schema\/person\/image\/\",\"url\":\"https:\/\/secure.gravatar.com\/avatar\/e8e5ba856878936c75e9546fcfe8d27317fa6c47de1fe729167dc85e13fadd29?s=96&d=mm&r=g\",\"contentUrl\":\"https:\/\/secure.gravatar.com\/avatar\/e8e5ba856878936c75e9546fcfe8d27317fa6c47de1fe729167dc85e13fadd29?s=96&d=mm&r=g\",\"caption\":\"welovewebs\"},\"sameAs\":[\"https:\/\/rafacastaner.com\/\"]}]}<\/script>\n<!-- \/ Yoast SEO plugin. -->","yoast_head_json":{"title":"Talleres de activaci\u00f3n personal \/ ADIM \u2013 Act\u00edvate Dibujando M\u00fasica - Rafa Casta\u00f1er","robots":{"index":"index","follow":"follow","max-snippet":"max-snippet:-1","max-image-preview":"max-image-preview:large","max-video-preview":"max-video-preview:-1"},"canonical":"https:\/\/www.rafacastaner.com\/ca\/adim-activate-dibujando-musica\/","og_locale":"ca_ES","og_type":"article","og_title":"Talleres de activaci\u00f3n personal \/ ADIM \u2013 Act\u00edvate Dibujando M\u00fasica - Rafa Casta\u00f1er","og_description":"Las herramientas de las artes y el eje comunicacional que todas tienen son un beneficio en s\u00ed mismo para cualquier persona, sin necesidad de seguir una formaci\u00f3n art\u00edstica profesional. La voluntad de expresi\u00f3n permite autoconocimiento y conocimiento sensible del medio en el que la persona se encuentra, del grupo y del contexto, y esto se [&hellip;]","og_url":"https:\/\/www.rafacastaner.com\/ca\/adim-activate-dibujando-musica\/","og_site_name":"Rafa Casta\u00f1er","article_published_time":"2021-08-23T15:13:07+00:00","article_modified_time":"2026-02-05T14:18:35+00:00","og_image":[{"width":334,"height":458,"url":"https:\/\/www.rafacastaner.com\/wp-content\/uploads\/rafa-castaner-blog-talleres-activacion-personal.webp","type":"image\/webp"}],"author":"welovewebs","twitter_card":"summary_large_image","twitter_misc":{"Escrit per":"welovewebs","Temps estimat de lectura":"5 minuts"},"schema":{"@context":"https:\/\/schema.org","@graph":[{"@type":"Article","@id":"https:\/\/www.rafacastaner.com\/ca\/adim-activate-dibujando-musica\/#article","isPartOf":{"@id":"https:\/\/www.rafacastaner.com\/ca\/adim-activate-dibujando-musica\/"},"author":{"name":"welovewebs","@id":"https:\/\/www.rafacastaner.com\/ca\/#\/schema\/person\/65e2c0b9d99ffe103db3ebde45eeee39"},"headline":"Talleres de activaci\u00f3n personal \/ ADIM \u2013 Act\u00edvate Dibujando M\u00fasica","datePublished":"2021-08-23T15:13:07+00:00","dateModified":"2026-02-05T14:18:35+00:00","mainEntityOfPage":{"@id":"https:\/\/www.rafacastaner.com\/ca\/adim-activate-dibujando-musica\/"},"wordCount":578,"image":{"@id":"https:\/\/www.rafacastaner.com\/ca\/adim-activate-dibujando-musica\/#primaryimage"},"thumbnailUrl":"https:\/\/www.rafacastaner.com\/wp-content\/uploads\/rafa-castaner-blog-talleres-activacion-personal.webp","articleSection":["Sin categor\u00eda"],"inLanguage":"ca"},{"@type":"WebPage","@id":"https:\/\/www.rafacastaner.com\/ca\/adim-activate-dibujando-musica\/","url":"https:\/\/www.rafacastaner.com\/ca\/adim-activate-dibujando-musica\/","name":"Talleres de activaci\u00f3n personal \/ ADIM \u2013 Act\u00edvate Dibujando M\u00fasica - Rafa Casta\u00f1er","isPartOf":{"@id":"https:\/\/www.rafacastaner.com\/ca\/#website"},"primaryImageOfPage":{"@id":"https:\/\/www.rafacastaner.com\/ca\/adim-activate-dibujando-musica\/#primaryimage"},"image":{"@id":"https:\/\/www.rafacastaner.com\/ca\/adim-activate-dibujando-musica\/#primaryimage"},"thumbnailUrl":"https:\/\/www.rafacastaner.com\/wp-content\/uploads\/rafa-castaner-blog-talleres-activacion-personal.webp","datePublished":"2021-08-23T15:13:07+00:00","dateModified":"2026-02-05T14:18:35+00:00","author":{"@id":"https:\/\/www.rafacastaner.com\/ca\/#\/schema\/person\/65e2c0b9d99ffe103db3ebde45eeee39"},"breadcrumb":{"@id":"https:\/\/www.rafacastaner.com\/ca\/adim-activate-dibujando-musica\/#breadcrumb"},"inLanguage":"ca","potentialAction":[{"@type":"ReadAction","target":["https:\/\/www.rafacastaner.com\/ca\/adim-activate-dibujando-musica\/"]}]},{"@type":"ImageObject","inLanguage":"ca","@id":"https:\/\/www.rafacastaner.com\/ca\/adim-activate-dibujando-musica\/#primaryimage","url":"https:\/\/www.rafacastaner.com\/wp-content\/uploads\/rafa-castaner-blog-talleres-activacion-personal.webp","contentUrl":"https:\/\/www.rafacastaner.com\/wp-content\/uploads\/rafa-castaner-blog-talleres-activacion-personal.webp","width":334,"height":458,"caption":"Rafa Castaner Blog Talleres Activacion Personal"},{"@type":"BreadcrumbList","@id":"https:\/\/www.rafacastaner.com\/ca\/adim-activate-dibujando-musica\/#breadcrumb","itemListElement":[{"@type":"ListItem","position":1,"name":"Portada","item":"https:\/\/www.rafacastaner.com\/ca\/"},{"@type":"ListItem","position":2,"name":"Talleres de activaci\u00f3n personal \/ ADIM \u2013 Act\u00edvate Dibujando M\u00fasica"}]},{"@type":"WebSite","@id":"https:\/\/www.rafacastaner.com\/ca\/#website","url":"https:\/\/www.rafacastaner.com\/ca\/","name":"Rafa Casta\u00f1er","description":"","potentialAction":[{"@type":"SearchAction","target":{"@type":"EntryPoint","urlTemplate":"https:\/\/www.rafacastaner.com\/ca\/?s={search_term_string}"},"query-input":{"@type":"PropertyValueSpecification","valueRequired":true,"valueName":"search_term_string"}}],"inLanguage":"ca"},{"@type":"Person","@id":"https:\/\/www.rafacastaner.com\/ca\/#\/schema\/person\/65e2c0b9d99ffe103db3ebde45eeee39","name":"welovewebs","image":{"@type":"ImageObject","inLanguage":"ca","@id":"https:\/\/www.rafacastaner.com\/ca\/#\/schema\/person\/image\/","url":"https:\/\/secure.gravatar.com\/avatar\/e8e5ba856878936c75e9546fcfe8d27317fa6c47de1fe729167dc85e13fadd29?s=96&d=mm&r=g","contentUrl":"https:\/\/secure.gravatar.com\/avatar\/e8e5ba856878936c75e9546fcfe8d27317fa6c47de1fe729167dc85e13fadd29?s=96&d=mm&r=g","caption":"welovewebs"},"sameAs":["https:\/\/rafacastaner.com\/"]}]}},"_links":{"self":[{"href":"https:\/\/www.rafacastaner.com\/ca\/wp-json\/wp\/v2\/posts\/60947","targetHints":{"allow":["GET"]}}],"collection":[{"href":"https:\/\/www.rafacastaner.com\/ca\/wp-json\/wp\/v2\/posts"}],"about":[{"href":"https:\/\/www.rafacastaner.com\/ca\/wp-json\/wp\/v2\/types\/post"}],"author":[{"embeddable":true,"href":"https:\/\/www.rafacastaner.com\/ca\/wp-json\/wp\/v2\/users\/1"}],"replies":[{"embeddable":true,"href":"https:\/\/www.rafacastaner.com\/ca\/wp-json\/wp\/v2\/comments?post=60947"}],"version-history":[{"count":4,"href":"https:\/\/www.rafacastaner.com\/ca\/wp-json\/wp\/v2\/posts\/60947\/revisions"}],"predecessor-version":[{"id":63411,"href":"https:\/\/www.rafacastaner.com\/ca\/wp-json\/wp\/v2\/posts\/60947\/revisions\/63411"}],"wp:featuredmedia":[{"embeddable":true,"href":"https:\/\/www.rafacastaner.com\/ca\/wp-json\/wp\/v2\/media\/62751"}],"wp:attachment":[{"href":"https:\/\/www.rafacastaner.com\/ca\/wp-json\/wp\/v2\/media?parent=60947"}],"wp:term":[{"taxonomy":"category","embeddable":true,"href":"https:\/\/www.rafacastaner.com\/ca\/wp-json\/wp\/v2\/categories?post=60947"},{"taxonomy":"post_tag","embeddable":true,"href":"https:\/\/www.rafacastaner.com\/ca\/wp-json\/wp\/v2\/tags?post=60947"}],"curies":[{"name":"wp","href":"https:\/\/api.w.org\/{rel}","templated":true}]}}