{"id":60206,"date":"2020-04-21T12:08:58","date_gmt":"2020-04-21T12:08:58","guid":{"rendered":"http:\/\/rafacastaner.com\/?p=60206"},"modified":"2026-02-05T13:08:35","modified_gmt":"2026-02-05T12:08:35","slug":"la-musica-en-el-acompanamiento-artistico-on-line","status":"publish","type":"post","link":"https:\/\/www.rafacastaner.com\/ca\/la-musica-en-el-acompanamiento-artistico-on-line\/","title":{"rendered":"La m\u00fasica en el acompa\u00f1amiento art\u00edstico on line:"},"content":{"rendered":"<div class=\"MsoNormal\">\n<div><\/div>\n<div><\/div>\n<div>Que la m\u00fasica es una parte muy importante de mis clases, esta claro para todos mis alumnos.<\/div>\n<div><\/div>\n<div>Tomo la temperatura, ofrezco y recibo a trav\u00e9s de la m\u00fasica una informaci\u00f3n tan veloz como hermosa e \u00fatil.\u00a0 De toda la m\u00fasica.<\/div>\n<\/div>\n<div><\/div>\n<div><\/div>\n<div class=\"MsoNormal\">\n<div>Una clase, de la disciplina art\u00edstica que sea, comienza con elegir una canci\u00f3n y acaba con un track de salida concreto. Y no me refiero a preparar una playlist, que tambi\u00e9n. Mas bien hablo de sentir como la pulsi\u00f3n de este l\u00edquido invisible\u00a0 te rodea, te acompa\u00f1a y propone una forma de mover tu cuerpo, tu pensamiento.<\/div>\n<div><\/div>\n<div>La manera de indicarle al alumno una actitud concreta, una posici\u00f3n, una forma de reaccionar, para mi tiene que ver , m\u00e1s que con las palabras, con la m\u00fasica y la luz.<\/div>\n<div><\/div>\n<div>Las palabras ayudan y mucho, pero alrededor tuyo, mientras est\u00e1s escuchando una propuesta, el mundo ha de cambiar para que tu cambies con el. Has de sentirla f\u00edsicamente.<\/div>\n<div><\/div>\n<div>La m\u00fasica es un hecho f\u00edsico, no es una idea o un concepto. Es un canal directo a las emociones, que no pasa por la raz\u00f3n, y consigue transmitir una informaci\u00f3n muy muy compleja de forma directa.<\/div>\n<div>Durante el acompa\u00f1amiento on line, cuando este tiene que ver con la pintura y el dibujo, la m\u00fasica es eje y motor.<\/div>\n<div>Estar conectado con el otro o la otra visualmente con una web cam, poder hablar, ver, compartir el lugar donde trabajar\u00e1s es estupendo y necesario.<\/div>\n<div><\/div>\n<div>Pero una vez puestos en marcha y con el micro muteado; con el alumno o alumna &#8220;sincronizamos relojes&#8221; y nos sumergimos en m\u00fasica por un tiempo acordado, el que duran las canciones que hemos elegido.<\/div>\n<div><\/div>\n<div>Por turnos, cada uno ofrece al otro una colecci\u00f3n de propuestas a interpretar en el papel o tela una respuesta al regalo que le ha hecho el otro.<\/div>\n<div><\/div>\n<div>No hay posibilidad de error.<\/div>\n<div><\/div>\n<div>Uno no se puede equivocar en como ha sentido y explicado cada pulsi\u00f3n.<\/div>\n<div><\/div>\n<div>No hay una clase igual, por que no hay una conversaci\u00f3n igual. Al terminar, a la vez, la secuencia de m\u00fasica, (y con las manos limpias, jajajaja) una videollamada nos permite ver de cerca y comentar aspectos formales, de construcci\u00f3n, emoci\u00f3n y contenido, que desde lejos no se perciben.<\/div>\n<div><\/div>\n<div>Primero hacer, y hacer a placer, luego aceptarlo, observarlo y aprender se tus actos y de los del otro u otra. Y aplicar todo ese di\u00e1logo y aprendizaje en la siguiente &#8220;partida&#8221;, clase.<\/div>\n<div>Aqu\u00ed os dejo lo que yo hice durante la clase on line, y una de las m\u00fasicas que escuchamos:<br \/>\nhttps:\/\/soundcloud.com\/melodyastruth\/matstudio-in-strange-company-he-spoke-softly<\/div>\n<\/div>\n<div><\/div>\n<div>\n<p><img loading=\"lazy\" decoding=\"async\" class=\"size-full wp-image-63251 aligncenter\" src=\"https:\/\/www.rafacastaner.com\/wp-content\/uploads\/rafa-castaner-blog-la-musica-en-el-acompanamiento-artistico-online-7.webp\" alt=\"Rafa Castaner Blog La Musica En El Acompanamiento Artistico Online 7\" width=\"300\" height=\"169\" srcset=\"https:\/\/www.rafacastaner.com\/wp-content\/uploads\/rafa-castaner-blog-la-musica-en-el-acompanamiento-artistico-online-7.webp 300w, https:\/\/www.rafacastaner.com\/wp-content\/uploads\/rafa-castaner-blog-la-musica-en-el-acompanamiento-artistico-online-7-150x85.webp 150w\" sizes=\"(max-width: 300px) 100vw, 300px\" \/><\/p>\n<\/div>\n<p><img loading=\"lazy\" decoding=\"async\" class=\"size-full wp-image-63250 aligncenter\" src=\"https:\/\/www.rafacastaner.com\/wp-content\/uploads\/rafa-castaner-blog-la-musica-en-el-acompanamiento-artistico-online-6.webp\" alt=\"Rafa Castaner Blog La Musica En El Acompanamiento Artistico Online 6\" width=\"300\" height=\"169\" srcset=\"https:\/\/www.rafacastaner.com\/wp-content\/uploads\/rafa-castaner-blog-la-musica-en-el-acompanamiento-artistico-online-6.webp 300w, https:\/\/www.rafacastaner.com\/wp-content\/uploads\/rafa-castaner-blog-la-musica-en-el-acompanamiento-artistico-online-6-150x85.webp 150w\" sizes=\"(max-width: 300px) 100vw, 300px\" \/><\/p>\n<div class=\"separator\" style=\"clear: both; text-align: center;\"><\/div>\n<p><img loading=\"lazy\" decoding=\"async\" class=\"size-full wp-image-63245 aligncenter\" src=\"https:\/\/www.rafacastaner.com\/wp-content\/uploads\/rafa-castaner-blog-la-musica-en-el-acompanamiento-artistico-online-1.webp\" alt=\"Rafa Castaner Blog La Musica En El Acompanamiento Artistico Online 1\" width=\"300\" height=\"212\" srcset=\"https:\/\/www.rafacastaner.com\/wp-content\/uploads\/rafa-castaner-blog-la-musica-en-el-acompanamiento-artistico-online-1.webp 300w, https:\/\/www.rafacastaner.com\/wp-content\/uploads\/rafa-castaner-blog-la-musica-en-el-acompanamiento-artistico-online-1-150x106.webp 150w\" sizes=\"(max-width: 300px) 100vw, 300px\" \/><\/p>\n<p><img loading=\"lazy\" decoding=\"async\" class=\"size-full wp-image-63246 aligncenter\" src=\"https:\/\/www.rafacastaner.com\/wp-content\/uploads\/rafa-castaner-blog-la-musica-en-el-acompanamiento-artistico-online-2.webp\" alt=\"Rafa Castaner Blog La Musica En El Acompanamiento Artistico Online 2\" width=\"300\" height=\"217\" srcset=\"https:\/\/www.rafacastaner.com\/wp-content\/uploads\/rafa-castaner-blog-la-musica-en-el-acompanamiento-artistico-online-2.webp 300w, https:\/\/www.rafacastaner.com\/wp-content\/uploads\/rafa-castaner-blog-la-musica-en-el-acompanamiento-artistico-online-2-150x109.webp 150w\" sizes=\"(max-width: 300px) 100vw, 300px\" \/> <img loading=\"lazy\" decoding=\"async\" class=\"size-full wp-image-63247 aligncenter\" src=\"https:\/\/www.rafacastaner.com\/wp-content\/uploads\/rafa-castaner-blog-la-musica-en-el-acompanamiento-artistico-online-3.webp\" alt=\"Rafa Castaner Blog La Musica En El Acompanamiento Artistico Online 3\" width=\"225\" height=\"300\" srcset=\"https:\/\/www.rafacastaner.com\/wp-content\/uploads\/rafa-castaner-blog-la-musica-en-el-acompanamiento-artistico-online-3.webp 225w, https:\/\/www.rafacastaner.com\/wp-content\/uploads\/rafa-castaner-blog-la-musica-en-el-acompanamiento-artistico-online-3-113x150.webp 113w\" sizes=\"(max-width: 225px) 100vw, 225px\" \/> <img loading=\"lazy\" decoding=\"async\" class=\"size-full wp-image-63248 aligncenter\" src=\"https:\/\/www.rafacastaner.com\/wp-content\/uploads\/rafa-castaner-blog-la-musica-en-el-acompanamiento-artistico-online-4.webp\" alt=\"Rafa Castaner Blog La Musica En El Acompanamiento Artistico Online 4\" width=\"225\" height=\"300\" srcset=\"https:\/\/www.rafacastaner.com\/wp-content\/uploads\/rafa-castaner-blog-la-musica-en-el-acompanamiento-artistico-online-4.webp 225w, https:\/\/www.rafacastaner.com\/wp-content\/uploads\/rafa-castaner-blog-la-musica-en-el-acompanamiento-artistico-online-4-113x150.webp 113w\" sizes=\"(max-width: 225px) 100vw, 225px\" \/><\/p>\n<p><img loading=\"lazy\" decoding=\"async\" class=\"size-full wp-image-63249 aligncenter\" src=\"https:\/\/www.rafacastaner.com\/wp-content\/uploads\/rafa-castaner-blog-la-musica-en-el-acompanamiento-artistico-online-5.webp\" alt=\"Rafa Castaner Blog La Musica En El Acompanamiento Artistico Online 5\" width=\"225\" height=\"300\" srcset=\"https:\/\/www.rafacastaner.com\/wp-content\/uploads\/rafa-castaner-blog-la-musica-en-el-acompanamiento-artistico-online-5.webp 225w, https:\/\/www.rafacastaner.com\/wp-content\/uploads\/rafa-castaner-blog-la-musica-en-el-acompanamiento-artistico-online-5-113x150.webp 113w\" sizes=\"(max-width: 225px) 100vw, 225px\" \/><\/p>\n","protected":false},"excerpt":{"rendered":"<p>Que la m\u00fasica es una parte muy importante de mis clases, esta claro para todos mis alumnos. Tomo la temperatura, ofrezco y recibo a trav\u00e9s de la m\u00fasica una informaci\u00f3n tan veloz como hermosa e \u00fatil.\u00a0 De toda la m\u00fasica. Una clase, de la disciplina art\u00edstica que sea, comienza con elegir una canci\u00f3n y acaba [&hellip;]<\/p>\n","protected":false},"author":1,"featured_media":62824,"comment_status":"closed","ping_status":"closed","sticky":false,"template":"","format":"standard","meta":{"_acf_changed":false,"_et_pb_use_builder":"","_et_pb_old_content":"","_et_gb_content_width":"","inline_featured_image":false,"footnotes":""},"categories":[43],"tags":[],"class_list":["post-60206","post","type-post","status-publish","format-standard","has-post-thumbnail","hentry","category-sin-categoria"],"acf":[],"yoast_head":"<!-- This site is optimized with the Yoast SEO plugin v27.0 - https:\/\/yoast.com\/product\/yoast-seo-wordpress\/ -->\n<title>La m\u00fasica en el acompa\u00f1amiento art\u00edstico on line: - Rafa Casta\u00f1er<\/title>\n<meta name=\"robots\" content=\"index, follow, max-snippet:-1, max-image-preview:large, max-video-preview:-1\" \/>\n<link rel=\"canonical\" href=\"https:\/\/www.rafacastaner.com\/ca\/la-musica-en-el-acompanamiento-artistico-on-line\/\" \/>\n<meta property=\"og:locale\" content=\"ca_ES\" \/>\n<meta property=\"og:type\" content=\"article\" \/>\n<meta property=\"og:title\" content=\"La m\u00fasica en el acompa\u00f1amiento art\u00edstico on line: - Rafa Casta\u00f1er\" \/>\n<meta property=\"og:description\" content=\"Que la m\u00fasica es una parte muy importante de mis clases, esta claro para todos mis alumnos. Tomo la temperatura, ofrezco y recibo a trav\u00e9s de la m\u00fasica una informaci\u00f3n tan veloz como hermosa e \u00fatil.\u00a0 De toda la m\u00fasica. Una clase, de la disciplina art\u00edstica que sea, comienza con elegir una canci\u00f3n y acaba [&hellip;]\" \/>\n<meta property=\"og:url\" content=\"https:\/\/www.rafacastaner.com\/ca\/la-musica-en-el-acompanamiento-artistico-on-line\/\" \/>\n<meta property=\"og:site_name\" content=\"Rafa Casta\u00f1er\" \/>\n<meta property=\"article:published_time\" content=\"2020-04-21T12:08:58+00:00\" \/>\n<meta property=\"article:modified_time\" content=\"2026-02-05T12:08:35+00:00\" \/>\n<meta property=\"og:image\" content=\"https:\/\/www.rafacastaner.com\/wp-content\/uploads\/rafa-castaner-blog-la-musica-en-el-acompanamiento.webp\" \/>\n\t<meta property=\"og:image:width\" content=\"335\" \/>\n\t<meta property=\"og:image:height\" content=\"459\" \/>\n\t<meta property=\"og:image:type\" content=\"image\/webp\" \/>\n<meta name=\"author\" content=\"welovewebs\" \/>\n<meta name=\"twitter:card\" content=\"summary_large_image\" \/>\n<meta name=\"twitter:label1\" content=\"Escrit per\" \/>\n\t<meta name=\"twitter:data1\" content=\"welovewebs\" \/>\n\t<meta name=\"twitter:label2\" content=\"Temps estimat de lectura\" \/>\n\t<meta name=\"twitter:data2\" content=\"4 minuts\" \/>\n<script type=\"application\/ld+json\" class=\"yoast-schema-graph\">{\"@context\":\"https:\/\/schema.org\",\"@graph\":[{\"@type\":\"Article\",\"@id\":\"https:\/\/www.rafacastaner.com\/ca\/la-musica-en-el-acompanamiento-artistico-on-line\/#article\",\"isPartOf\":{\"@id\":\"https:\/\/www.rafacastaner.com\/ca\/la-musica-en-el-acompanamiento-artistico-on-line\/\"},\"author\":{\"name\":\"welovewebs\",\"@id\":\"https:\/\/www.rafacastaner.com\/ca\/#\/schema\/person\/65e2c0b9d99ffe103db3ebde45eeee39\"},\"headline\":\"La m\u00fasica en el acompa\u00f1amiento art\u00edstico on line:\",\"datePublished\":\"2020-04-21T12:08:58+00:00\",\"dateModified\":\"2026-02-05T12:08:35+00:00\",\"mainEntityOfPage\":{\"@id\":\"https:\/\/www.rafacastaner.com\/ca\/la-musica-en-el-acompanamiento-artistico-on-line\/\"},\"wordCount\":470,\"image\":{\"@id\":\"https:\/\/www.rafacastaner.com\/ca\/la-musica-en-el-acompanamiento-artistico-on-line\/#primaryimage\"},\"thumbnailUrl\":\"https:\/\/www.rafacastaner.com\/wp-content\/uploads\/rafa-castaner-blog-la-musica-en-el-acompanamiento.webp\",\"articleSection\":[\"Sin categor\u00eda\"],\"inLanguage\":\"ca\"},{\"@type\":\"WebPage\",\"@id\":\"https:\/\/www.rafacastaner.com\/ca\/la-musica-en-el-acompanamiento-artistico-on-line\/\",\"url\":\"https:\/\/www.rafacastaner.com\/ca\/la-musica-en-el-acompanamiento-artistico-on-line\/\",\"name\":\"La m\u00fasica en el acompa\u00f1amiento art\u00edstico on line: - Rafa Casta\u00f1er\",\"isPartOf\":{\"@id\":\"https:\/\/www.rafacastaner.com\/ca\/#website\"},\"primaryImageOfPage\":{\"@id\":\"https:\/\/www.rafacastaner.com\/ca\/la-musica-en-el-acompanamiento-artistico-on-line\/#primaryimage\"},\"image\":{\"@id\":\"https:\/\/www.rafacastaner.com\/ca\/la-musica-en-el-acompanamiento-artistico-on-line\/#primaryimage\"},\"thumbnailUrl\":\"https:\/\/www.rafacastaner.com\/wp-content\/uploads\/rafa-castaner-blog-la-musica-en-el-acompanamiento.webp\",\"datePublished\":\"2020-04-21T12:08:58+00:00\",\"dateModified\":\"2026-02-05T12:08:35+00:00\",\"author\":{\"@id\":\"https:\/\/www.rafacastaner.com\/ca\/#\/schema\/person\/65e2c0b9d99ffe103db3ebde45eeee39\"},\"breadcrumb\":{\"@id\":\"https:\/\/www.rafacastaner.com\/ca\/la-musica-en-el-acompanamiento-artistico-on-line\/#breadcrumb\"},\"inLanguage\":\"ca\",\"potentialAction\":[{\"@type\":\"ReadAction\",\"target\":[\"https:\/\/www.rafacastaner.com\/ca\/la-musica-en-el-acompanamiento-artistico-on-line\/\"]}]},{\"@type\":\"ImageObject\",\"inLanguage\":\"ca\",\"@id\":\"https:\/\/www.rafacastaner.com\/ca\/la-musica-en-el-acompanamiento-artistico-on-line\/#primaryimage\",\"url\":\"https:\/\/www.rafacastaner.com\/wp-content\/uploads\/rafa-castaner-blog-la-musica-en-el-acompanamiento.webp\",\"contentUrl\":\"https:\/\/www.rafacastaner.com\/wp-content\/uploads\/rafa-castaner-blog-la-musica-en-el-acompanamiento.webp\",\"width\":335,\"height\":459,\"caption\":\"Rafa Castaner Blog La Musica En El Acompanamiento\"},{\"@type\":\"BreadcrumbList\",\"@id\":\"https:\/\/www.rafacastaner.com\/ca\/la-musica-en-el-acompanamiento-artistico-on-line\/#breadcrumb\",\"itemListElement\":[{\"@type\":\"ListItem\",\"position\":1,\"name\":\"Portada\",\"item\":\"https:\/\/www.rafacastaner.com\/ca\/\"},{\"@type\":\"ListItem\",\"position\":2,\"name\":\"La m\u00fasica en el acompa\u00f1amiento art\u00edstico on line:\"}]},{\"@type\":\"WebSite\",\"@id\":\"https:\/\/www.rafacastaner.com\/ca\/#website\",\"url\":\"https:\/\/www.rafacastaner.com\/ca\/\",\"name\":\"Rafa Casta\u00f1er\",\"description\":\"\",\"potentialAction\":[{\"@type\":\"SearchAction\",\"target\":{\"@type\":\"EntryPoint\",\"urlTemplate\":\"https:\/\/www.rafacastaner.com\/ca\/?s={search_term_string}\"},\"query-input\":{\"@type\":\"PropertyValueSpecification\",\"valueRequired\":true,\"valueName\":\"search_term_string\"}}],\"inLanguage\":\"ca\"},{\"@type\":\"Person\",\"@id\":\"https:\/\/www.rafacastaner.com\/ca\/#\/schema\/person\/65e2c0b9d99ffe103db3ebde45eeee39\",\"name\":\"welovewebs\",\"image\":{\"@type\":\"ImageObject\",\"inLanguage\":\"ca\",\"@id\":\"https:\/\/www.rafacastaner.com\/ca\/#\/schema\/person\/image\/\",\"url\":\"https:\/\/secure.gravatar.com\/avatar\/e8e5ba856878936c75e9546fcfe8d27317fa6c47de1fe729167dc85e13fadd29?s=96&d=mm&r=g\",\"contentUrl\":\"https:\/\/secure.gravatar.com\/avatar\/e8e5ba856878936c75e9546fcfe8d27317fa6c47de1fe729167dc85e13fadd29?s=96&d=mm&r=g\",\"caption\":\"welovewebs\"},\"sameAs\":[\"https:\/\/rafacastaner.com\/\"]}]}<\/script>\n<!-- \/ Yoast SEO plugin. -->","yoast_head_json":{"title":"La m\u00fasica en el acompa\u00f1amiento art\u00edstico on line: - Rafa Casta\u00f1er","robots":{"index":"index","follow":"follow","max-snippet":"max-snippet:-1","max-image-preview":"max-image-preview:large","max-video-preview":"max-video-preview:-1"},"canonical":"https:\/\/www.rafacastaner.com\/ca\/la-musica-en-el-acompanamiento-artistico-on-line\/","og_locale":"ca_ES","og_type":"article","og_title":"La m\u00fasica en el acompa\u00f1amiento art\u00edstico on line: - Rafa Casta\u00f1er","og_description":"Que la m\u00fasica es una parte muy importante de mis clases, esta claro para todos mis alumnos. Tomo la temperatura, ofrezco y recibo a trav\u00e9s de la m\u00fasica una informaci\u00f3n tan veloz como hermosa e \u00fatil.\u00a0 De toda la m\u00fasica. Una clase, de la disciplina art\u00edstica que sea, comienza con elegir una canci\u00f3n y acaba [&hellip;]","og_url":"https:\/\/www.rafacastaner.com\/ca\/la-musica-en-el-acompanamiento-artistico-on-line\/","og_site_name":"Rafa Casta\u00f1er","article_published_time":"2020-04-21T12:08:58+00:00","article_modified_time":"2026-02-05T12:08:35+00:00","og_image":[{"width":335,"height":459,"url":"https:\/\/www.rafacastaner.com\/wp-content\/uploads\/rafa-castaner-blog-la-musica-en-el-acompanamiento.webp","type":"image\/webp"}],"author":"welovewebs","twitter_card":"summary_large_image","twitter_misc":{"Escrit per":"welovewebs","Temps estimat de lectura":"4 minuts"},"schema":{"@context":"https:\/\/schema.org","@graph":[{"@type":"Article","@id":"https:\/\/www.rafacastaner.com\/ca\/la-musica-en-el-acompanamiento-artistico-on-line\/#article","isPartOf":{"@id":"https:\/\/www.rafacastaner.com\/ca\/la-musica-en-el-acompanamiento-artistico-on-line\/"},"author":{"name":"welovewebs","@id":"https:\/\/www.rafacastaner.com\/ca\/#\/schema\/person\/65e2c0b9d99ffe103db3ebde45eeee39"},"headline":"La m\u00fasica en el acompa\u00f1amiento art\u00edstico on line:","datePublished":"2020-04-21T12:08:58+00:00","dateModified":"2026-02-05T12:08:35+00:00","mainEntityOfPage":{"@id":"https:\/\/www.rafacastaner.com\/ca\/la-musica-en-el-acompanamiento-artistico-on-line\/"},"wordCount":470,"image":{"@id":"https:\/\/www.rafacastaner.com\/ca\/la-musica-en-el-acompanamiento-artistico-on-line\/#primaryimage"},"thumbnailUrl":"https:\/\/www.rafacastaner.com\/wp-content\/uploads\/rafa-castaner-blog-la-musica-en-el-acompanamiento.webp","articleSection":["Sin categor\u00eda"],"inLanguage":"ca"},{"@type":"WebPage","@id":"https:\/\/www.rafacastaner.com\/ca\/la-musica-en-el-acompanamiento-artistico-on-line\/","url":"https:\/\/www.rafacastaner.com\/ca\/la-musica-en-el-acompanamiento-artistico-on-line\/","name":"La m\u00fasica en el acompa\u00f1amiento art\u00edstico on line: - Rafa Casta\u00f1er","isPartOf":{"@id":"https:\/\/www.rafacastaner.com\/ca\/#website"},"primaryImageOfPage":{"@id":"https:\/\/www.rafacastaner.com\/ca\/la-musica-en-el-acompanamiento-artistico-on-line\/#primaryimage"},"image":{"@id":"https:\/\/www.rafacastaner.com\/ca\/la-musica-en-el-acompanamiento-artistico-on-line\/#primaryimage"},"thumbnailUrl":"https:\/\/www.rafacastaner.com\/wp-content\/uploads\/rafa-castaner-blog-la-musica-en-el-acompanamiento.webp","datePublished":"2020-04-21T12:08:58+00:00","dateModified":"2026-02-05T12:08:35+00:00","author":{"@id":"https:\/\/www.rafacastaner.com\/ca\/#\/schema\/person\/65e2c0b9d99ffe103db3ebde45eeee39"},"breadcrumb":{"@id":"https:\/\/www.rafacastaner.com\/ca\/la-musica-en-el-acompanamiento-artistico-on-line\/#breadcrumb"},"inLanguage":"ca","potentialAction":[{"@type":"ReadAction","target":["https:\/\/www.rafacastaner.com\/ca\/la-musica-en-el-acompanamiento-artistico-on-line\/"]}]},{"@type":"ImageObject","inLanguage":"ca","@id":"https:\/\/www.rafacastaner.com\/ca\/la-musica-en-el-acompanamiento-artistico-on-line\/#primaryimage","url":"https:\/\/www.rafacastaner.com\/wp-content\/uploads\/rafa-castaner-blog-la-musica-en-el-acompanamiento.webp","contentUrl":"https:\/\/www.rafacastaner.com\/wp-content\/uploads\/rafa-castaner-blog-la-musica-en-el-acompanamiento.webp","width":335,"height":459,"caption":"Rafa Castaner Blog La Musica En El Acompanamiento"},{"@type":"BreadcrumbList","@id":"https:\/\/www.rafacastaner.com\/ca\/la-musica-en-el-acompanamiento-artistico-on-line\/#breadcrumb","itemListElement":[{"@type":"ListItem","position":1,"name":"Portada","item":"https:\/\/www.rafacastaner.com\/ca\/"},{"@type":"ListItem","position":2,"name":"La m\u00fasica en el acompa\u00f1amiento art\u00edstico on line:"}]},{"@type":"WebSite","@id":"https:\/\/www.rafacastaner.com\/ca\/#website","url":"https:\/\/www.rafacastaner.com\/ca\/","name":"Rafa Casta\u00f1er","description":"","potentialAction":[{"@type":"SearchAction","target":{"@type":"EntryPoint","urlTemplate":"https:\/\/www.rafacastaner.com\/ca\/?s={search_term_string}"},"query-input":{"@type":"PropertyValueSpecification","valueRequired":true,"valueName":"search_term_string"}}],"inLanguage":"ca"},{"@type":"Person","@id":"https:\/\/www.rafacastaner.com\/ca\/#\/schema\/person\/65e2c0b9d99ffe103db3ebde45eeee39","name":"welovewebs","image":{"@type":"ImageObject","inLanguage":"ca","@id":"https:\/\/www.rafacastaner.com\/ca\/#\/schema\/person\/image\/","url":"https:\/\/secure.gravatar.com\/avatar\/e8e5ba856878936c75e9546fcfe8d27317fa6c47de1fe729167dc85e13fadd29?s=96&d=mm&r=g","contentUrl":"https:\/\/secure.gravatar.com\/avatar\/e8e5ba856878936c75e9546fcfe8d27317fa6c47de1fe729167dc85e13fadd29?s=96&d=mm&r=g","caption":"welovewebs"},"sameAs":["https:\/\/rafacastaner.com\/"]}]}},"_links":{"self":[{"href":"https:\/\/www.rafacastaner.com\/ca\/wp-json\/wp\/v2\/posts\/60206","targetHints":{"allow":["GET"]}}],"collection":[{"href":"https:\/\/www.rafacastaner.com\/ca\/wp-json\/wp\/v2\/posts"}],"about":[{"href":"https:\/\/www.rafacastaner.com\/ca\/wp-json\/wp\/v2\/types\/post"}],"author":[{"embeddable":true,"href":"https:\/\/www.rafacastaner.com\/ca\/wp-json\/wp\/v2\/users\/1"}],"replies":[{"embeddable":true,"href":"https:\/\/www.rafacastaner.com\/ca\/wp-json\/wp\/v2\/comments?post=60206"}],"version-history":[{"count":5,"href":"https:\/\/www.rafacastaner.com\/ca\/wp-json\/wp\/v2\/posts\/60206\/revisions"}],"predecessor-version":[{"id":63255,"href":"https:\/\/www.rafacastaner.com\/ca\/wp-json\/wp\/v2\/posts\/60206\/revisions\/63255"}],"wp:featuredmedia":[{"embeddable":true,"href":"https:\/\/www.rafacastaner.com\/ca\/wp-json\/wp\/v2\/media\/62824"}],"wp:attachment":[{"href":"https:\/\/www.rafacastaner.com\/ca\/wp-json\/wp\/v2\/media?parent=60206"}],"wp:term":[{"taxonomy":"category","embeddable":true,"href":"https:\/\/www.rafacastaner.com\/ca\/wp-json\/wp\/v2\/categories?post=60206"},{"taxonomy":"post_tag","embeddable":true,"href":"https:\/\/www.rafacastaner.com\/ca\/wp-json\/wp\/v2\/tags?post=60206"}],"curies":[{"name":"wp","href":"https:\/\/api.w.org\/{rel}","templated":true}]}}